{"id":605,"date":"2015-05-22T23:49:19","date_gmt":"2015-05-22T22:49:19","guid":{"rendered":"http:\/\/www.balestrieriassisi.com\/it\/?p=605"},"modified":"2015-05-22T23:49:19","modified_gmt":"2015-05-22T22:49:19","slug":"balestra-da-banco-allitaliana-assisi-ospita-il-campionato-nazionale","status":"publish","type":"post","link":"https:\/\/www.balestrieriassisi.it\/?p=605","title":{"rendered":"Balestra da banco all&#8217;italiana, Assisi ospita il campionato nazionale"},"content":{"rendered":"<p style=\"text-align: justify;\">\u201cAssisi, citt\u00e0 aperta sempre ed a tutti, saluta i balestrieri d\u2019Italia per la prossima competizione cavalleresca che sgorga dalla storia e dalla cultura delle nostre genti\u201d. Con questo augurio il vicesindaco di Assisi, Antonio Lunghi, ha salutato il passaggio delle consegne di gara, con lo stendardo, ai balestrieri di Assisi da parte di quelli della citt\u00e0 di Amelia, ove nel 2014 \u00e8 stato disputato il XXX Campionato Italiano Tiro con la Balestra Antica da Banco.<\/p>\n<p style=\"text-align: justify;\">Per la cittadina umbra era presente l\u2019assessore Laura Dimiziani, che ha ringraziato la citt\u00e0 serafica e i Balestrieri di Assisi per aver offerto un\u2019occasione eccellente ai numerosi italiani appassionati della Balestra.<\/p>\n<p style=\"text-align: justify;\">\u201cLa Compagnia Balestrieri di Assisi, fondatrice insieme a quelle di Pisa e Terra del Sole (FC) della LITAB &#8211; ha affermato con orgoglio il Presidente Giulio Benincampi &#8211; \u00e8 pronta ad accogliere le 22 citt\u00e0 ove \u00e8 presente il Tiro alla Balestra nel 31esimo Campionato nazionale che sar\u00e0 disputato domenica 14 giugno 2015, nell\u2019area attrezzata dell\u2019Istituto Serafico, ubicato in Porta San Pietro, preceduto da spettacoli dei gruppi delle Compagnie in piazza del Comune.\u201d<\/p>\n<p style=\"text-align: justify;\">Tredici le citt\u00e0 italiane che si cimenteranno con la balestra da Banco.<\/p>\n<p style=\"text-align: justify;\">\u201cGiorni di festa &#8211; ha concluso il Presidente della Litab, Sandro Nordio, Compagnia Balestrieri di Chioggia &#8211; per una competizione che diviene, oggi come un tempo, occasione di aggregazione per ospiti e cittadini, ai quali va un saluto particolare per l\u2019accoglienza che ci riserveranno in amicizia e simpatia nella loro bella Citt\u00e0.\u201d. Con la consegna del materiale funzionale alla prossima gara, \u00a0Claudio Menichelli, vicepresidente della Compagnia, ha presentato, insieme al Maestro di Campo Dino Perla, i doni ed i simboli del campionato, espressioni di arte ed artigianato del territorio, ma in particolare il \u201ctasso\u201d, in prezioso legno d\u2019olivo, premio simbolo della gara.<\/p>\n<p style=\"text-align: justify;\">\u201cI suoni ed i profumi del medievo &#8211; ha scritto il sindaco Ricci nella prefazione al catalogo dell\u2019evento &#8211; avvolgeranno la citt\u00e0 serafica il prossimo 14 giugno con i cortei storici nelle piazze, mentre nei campi di prova si torner\u00e0 a competere con le antiche Balestre, ieri simbolo di difesa, oggi baluardo di tutela per il dialogo tra le identit\u00e0 culturali\u201d.<\/p>\n","protected":false},"excerpt":{"rendered":"<p>\u201cAssisi, citt\u00e0 aperta sempre ed a tutti, saluta i balestrieri d\u2019Italia per la prossima competizione cavalleresca che sgorga dalla storia e dalla cultura delle nostre genti\u201d. Con questo augurio il vicesindaco di Assisi, Antonio Lunghi, ha salutato il passaggio delle consegne di gara, con lo stendardo, ai balestrieri di Assisi da parte di quelli della &#8230; <a title=\"Balestra da banco all&#8217;italiana, Assisi ospita il campionato nazionale\" class=\"read-more\" href=\"https:\/\/www.balestrieriassisi.it\/?p=605\" aria-label=\"Per saperne di pi\u00f9 su Balestra da banco all&#8217;italiana, Assisi ospita il campionato nazionale\">Leggi tutto<\/a><\/p>\n","protected":false},"author":1,"featured_media":0,"comment_status":"open","ping_status":"open","sticky":false,"template":"","format":"standard","meta":{"ngg_post_thumbnail":0,"footnotes":""},"categories":[1],"tags":[],"class_list":["post-605","post","type-post","status-publish","format-standard","hentry","category-news"],"_links":{"self":[{"href":"https:\/\/www.balestrieriassisi.it\/index.php?rest_route=\/wp\/v2\/posts\/605","targetHints":{"allow":["GET"]}}],"collection":[{"href":"https:\/\/www.balestrieriassisi.it\/index.php?rest_route=\/wp\/v2\/posts"}],"about":[{"href":"https:\/\/www.balestrieriassisi.it\/index.php?rest_route=\/wp\/v2\/types\/post"}],"author":[{"embeddable":true,"href":"https:\/\/www.balestrieriassisi.it\/index.php?rest_route=\/wp\/v2\/users\/1"}],"replies":[{"embeddable":true,"href":"https:\/\/www.balestrieriassisi.it\/index.php?rest_route=%2Fwp%2Fv2%2Fcomments&post=605"}],"version-history":[{"count":4,"href":"https:\/\/www.balestrieriassisi.it\/index.php?rest_route=\/wp\/v2\/posts\/605\/revisions"}],"predecessor-version":[{"id":609,"href":"https:\/\/www.balestrieriassisi.it\/index.php?rest_route=\/wp\/v2\/posts\/605\/revisions\/609"}],"wp:attachment":[{"href":"https:\/\/www.balestrieriassisi.it\/index.php?rest_route=%2Fwp%2Fv2%2Fmedia&parent=605"}],"wp:term":[{"taxonomy":"category","embeddable":true,"href":"https:\/\/www.balestrieriassisi.it\/index.php?rest_route=%2Fwp%2Fv2%2Fcategories&post=605"},{"taxonomy":"post_tag","embeddable":true,"href":"https:\/\/www.balestrieriassisi.it\/index.php?rest_route=%2Fwp%2Fv2%2Ftags&post=605"}],"curies":[{"name":"wp","href":"https:\/\/api.w.org\/{rel}","templated":true}]}}